{"id":339,"date":"2023-01-24T16:13:10","date_gmt":"2023-01-24T15:13:10","guid":{"rendered":"https:\/\/www.operationgaufres.be\/?p=339"},"modified":"2023-02-06T16:12:41","modified_gmt":"2023-02-06T15:12:41","slug":"conference-de-presse-operation-gaufres-2023","status":"publish","type":"post","link":"https:\/\/www.operationgaufres.be\/index.php\/2023\/01\/24\/conference-de-presse-operation-gaufres-2023\/","title":{"rendered":"Conf\u00e9rence de presse &#8211; op\u00e9ration gaufres 2023 !"},"content":{"rendered":"\n<p>Ce matin asbl les Amis des Services de l&rsquo;APEM-T21 pr\u00e9sentait la 48\u00e8me Op\u00e9ration Gaufres qui d\u00e9butera le 10 f\u00e9vrier prochain !<\/p>\n\n\n\n<p>6 des 10 asbl partenaires \u00e9taient \u00e9galement pr\u00e9sentes pour expliquer l&rsquo;action de r\u00e9colte de fonds via la vente de gaufres \u00e0 la presse.<\/p>\n\n\n\n<p>A vos stylos, on passe commande d\u00e8s maintenant <img loading=\"lazy\" decoding=\"async\" width=\"16\" height=\"16\" src=\"https:\/\/static.xx.fbcdn.net\/images\/emoji.php\/v9\/t59\/1.5\/16\/1f60b.png\" alt=\"\ud83d\ude0b\"><\/p>\n\n\n\n<figure class=\"wp-block-image size-large\"><img loading=\"lazy\" decoding=\"async\" width=\"1024\" height=\"498\" src=\"https:\/\/www.operationgaufres.be\/wp-content\/uploads\/2023\/01\/20230124_112714-1024x498.jpg\" alt=\"\" class=\"wp-image-340\" srcset=\"https:\/\/www.operationgaufres.be\/wp-content\/uploads\/2023\/01\/20230124_112714-1024x498.jpg 1024w, https:\/\/www.operationgaufres.be\/wp-content\/uploads\/2023\/01\/20230124_112714-300x146.jpg 300w, https:\/\/www.operationgaufres.be\/wp-content\/uploads\/2023\/01\/20230124_112714-768x373.jpg 768w, https:\/\/www.operationgaufres.be\/wp-content\/uploads\/2023\/01\/20230124_112714-1536x747.jpg 1536w, https:\/\/www.operationgaufres.be\/wp-content\/uploads\/2023\/01\/20230124_112714-2048x996.jpg 2048w\" sizes=\"auto, (max-width: 1024px) 100vw, 1024px\" \/><\/figure>\n","protected":false},"excerpt":{"rendered":"<p>Ce matin asbl les Amis des Services de l&rsquo;APEM-T21 pr\u00e9sentait la 48\u00e8me Op\u00e9ration Gaufres qui d\u00e9butera le 10 f\u00e9vrier prochain ! 6 des 10 asbl partenaires \u00e9taient \u00e9galement pr\u00e9sentes pour expliquer l&rsquo;action de r\u00e9colte de fonds via la vente de gaufres \u00e0 la presse. A vos stylos, on passe commande d\u00e8s maintenant<\/p>\n","protected":false},"author":1,"featured_media":0,"comment_status":"closed","ping_status":"closed","sticky":false,"template":"","format":"standard","meta":{"footnotes":""},"categories":[5],"tags":[],"class_list":{"0":"post-339","1":"post","2":"type-post","3":"status-publish","4":"format-standard","6":"category-news-action","7":"czr-hentry"},"_links":{"self":[{"href":"https:\/\/www.operationgaufres.be\/index.php\/wp-json\/wp\/v2\/posts\/339","targetHints":{"allow":["GET"]}}],"collection":[{"href":"https:\/\/www.operationgaufres.be\/index.php\/wp-json\/wp\/v2\/posts"}],"about":[{"href":"https:\/\/www.operationgaufres.be\/index.php\/wp-json\/wp\/v2\/types\/post"}],"author":[{"embeddable":true,"href":"https:\/\/www.operationgaufres.be\/index.php\/wp-json\/wp\/v2\/users\/1"}],"replies":[{"embeddable":true,"href":"https:\/\/www.operationgaufres.be\/index.php\/wp-json\/wp\/v2\/comments?post=339"}],"version-history":[{"count":1,"href":"https:\/\/www.operationgaufres.be\/index.php\/wp-json\/wp\/v2\/posts\/339\/revisions"}],"predecessor-version":[{"id":341,"href":"https:\/\/www.operationgaufres.be\/index.php\/wp-json\/wp\/v2\/posts\/339\/revisions\/341"}],"wp:attachment":[{"href":"https:\/\/www.operationgaufres.be\/index.php\/wp-json\/wp\/v2\/media?parent=339"}],"wp:term":[{"taxonomy":"category","embeddable":true,"href":"https:\/\/www.operationgaufres.be\/index.php\/wp-json\/wp\/v2\/categories?post=339"},{"taxonomy":"post_tag","embeddable":true,"href":"https:\/\/www.operationgaufres.be\/index.php\/wp-json\/wp\/v2\/tags?post=339"}],"curies":[{"name":"wp","href":"https:\/\/api.w.org\/{rel}","templated":true}]}}